{"id":1558,"date":"2025-06-05T07:07:51","date_gmt":"2025-06-05T07:07:51","guid":{"rendered":"https:\/\/assurezetmoi.fr\/1558\/phenomenes-climatiques-assurance\/"},"modified":"2025-06-05T07:07:51","modified_gmt":"2025-06-05T07:07:51","slug":"phenomenes-climatiques-assurance","status":"publish","type":"post","link":"https:\/\/assurezetmoi.fr\/ro\/1558\/phenomenes-climatiques-assurance\/","title":{"rendered":"Les ph\u00e9nom\u00e8nes climatiques extr\u00eames mettent \u00e0 rude \u00e9preuve le secteur de l&rsquo;assurance"},"content":{"rendered":"<p>La mont\u00e9e des ph\u00e9nom\u00e8nes climatiques extr\u00eames chamboule le secteur de l&rsquo;assurance, provoquant une r\u00e9\u00e9valuation des risques et une adaptation des offres. Comment ces d\u00e9fis influencent-ils votre couverture ?<\/p>\n\n<h2 class=\"wp-block-heading\">Impact des \u00e9v\u00e9nements climatiques sur l&rsquo;assurance habitation<\/h2>\n\n<p>\u00c0 mesure que les \u00e9v\u00e9nements climatiques extr\u00eames se multiplient, la capacit\u00e9 des compagnies d&rsquo;assurance \u00e0 couvrir les dommages subis est mise \u00e0 l&rsquo;\u00e9preuve. L&rsquo;Association Fran\u00e7aise des Soci\u00e9t\u00e9s d&rsquo;Assurances (AFSA) indique qu&rsquo;environ <strong>54 % des maisons individuelles<\/strong> en France courent le risque de ne pas \u00eatre correctement couvertes lors de tels \u00e9v\u00e9nements.<\/p>\n\n<h3 class=\"wp-block-heading\">Risques li\u00e9s aux catastrophes naturelles<\/h3>\n\n<p>Les risques li\u00e9s aux catastrophes naturelles sont divers et concernent des \u00e9v\u00e9nements tels que :<\/p>\n\n<ul class=\"wp-block-list\"><li>Les inondations, souvent provoqu\u00e9es par des pluies torrentielles.<\/li><li>Les temp\u00eates, entra\u00eenant des vents violents.<\/li><li>Les s\u00e9cheresses, qui peuvent causer des d\u00e9g\u00e2ts structurels.<\/li><li>Les vagues de chaleur, influen\u00e7ant la durabilit\u00e9 des infrastructures.<\/li><\/ul>\n\n<p>Un cas concret : en 2022, une temp\u00eate a provoqu\u00e9 des d\u00e9g\u00e2ts estim\u00e9s \u00e0 plus de <strong>1 milliard d&rsquo;euros<\/strong> en France. Cela a mis en lumi\u00e8re les lacunes de la couverture existante.<\/p>\n\n<p>Ce qu&rsquo;il est essentiel de retenir, c&rsquo;est que les polices d&rsquo;assurance classiques peuvent ne pas suffire. J&rsquo;ai personnellement d\u00e9couvert l&rsquo;importance d&rsquo;une couverture adapt\u00e9e lors d&rsquo;un sinistre chez un ami qui n&rsquo;\u00e9tait pas assez assur\u00e9.<\/p>\n\n<p>Avant de passer \u00e0 la section suivante, posez-vous cette question : votre couverture actuelle est-elle suffisante face \u00e0 ces d\u00e9fis ?<\/p>\n\n<h2 class=\"wp-block-heading\">Adaptation des polices d&rsquo;assurance face au changement climatique<\/h2>\n\n<p>Les compagnies d&rsquo;assurance, comme <strong>AXA<\/strong> et <strong>Allianz<\/strong>, ont commenc\u00e9 \u00e0 adapter leurs polices pour couvrir ces nouveaux risques. Une r\u00e9\u00e9valuation de la strat\u00e9gie et des produits d&rsquo;assurance devient essentielle.<\/p>\n\n<h3 class=\"wp-block-heading\">Nouveaux types de garanties<\/h3>\n\n<p>Pour mieux r\u00e9pondre \u00e0 ces enjeux, plusieurs assureurs ont mis en place des garanties sp\u00e9cifiques, telles que :<\/p>\n\n<ul class=\"wp-block-list\"><li>Des polices qui incluent des \u00e9v\u00e9nements climatiques extr\u00eames.<\/li><li>Des protections renforc\u00e9es contre les inondations.<\/li><li>Des options de couverture pour les d\u00e9g\u00e2ts caus\u00e9s par la s\u00e9cheresse.<\/li><li>Des analyses r\u00e9guli\u00e8res des risques environnementaux.<\/li><\/ul>\n\n<p>Un exemple de cette \u00e9volution est l&rsquo;assurance habitation de <strong>Maaf<\/strong>, qui offre une couverture int\u00e9grale pour les sinistres li\u00e9s aux catastrophes naturelles.<\/p>\n\n<p>Une anecdote : lors d&rsquo;une discussion avec un expert chez <strong>Macif<\/strong>, il m&rsquo;a expliqu\u00e9 que l&rsquo;usage de donn\u00e9es m\u00e9t\u00e9orologiques avanc\u00e9es est d\u00e9sormais essentiel pour \u00e9valuer les risques.<\/p>\n\n<p>En pr\u00e9parant le terrain pour notre prochaine discussion, pensez \u00e0 ces nouvelles offres : avez-vous envisag\u00e9 de changer d&rsquo;assurance pour une couverture plus adapt\u00e9e ?<\/p>\n\n<h2 class=\"wp-block-heading\">Vers une prise de conscience des consommateurs<\/h2>\n\n<p>La pr\u00e9occupation croissante des consommateurs pour les ph\u00e9nom\u00e8nes climatiques extr\u00eames impacte aussi les pratiques des assureurs. Une \u00e9tude r\u00e9cente r\u00e9v\u00e8le que <strong>70 % des Fran\u00e7ais<\/strong> souhaitent \u00eatre mieux inform\u00e9s sur les risques li\u00e9s \u00e0 leur habitat.<\/p>\n\n<h3 class=\"wp-block-heading\">\u00c9ducation et sensibilisation des assur\u00e9s<\/h3>\n\n<p>Les compagnies d&rsquo;assurance doivent d\u00e9sormais multiplier les efforts de sensibilisation. Voici quelques initiatives r\u00e9centes :<\/p>\n\n<ul class=\"wp-block-list\"><li>Des campagnes d&rsquo;information sur les risques climatiques.<\/li><li>Des outils num\u00e9riques pour \u00e9valuer les besoins sp\u00e9cifiques des assur\u00e9s.<\/li><li>Des ateliers pour comprendre les diff\u00e9rentes couvertures disponibles.<\/li><\/ul>\n\n<p>Un exemple illustratif est <strong>Groupama<\/strong>, qui organise des sessions d&rsquo;information sur les risques d&rsquo;inondation dans certaines r\u00e9gions de France.<\/p>\n\n<p>Un ami a r\u00e9cemment partag\u00e9 qu&rsquo;il avait suivi une de ces sessions : cela lui a montr\u00e9 l&rsquo;importance d&rsquo;ajuster son assurance en cons\u00e9quence.<\/p>\n\n<p>En vous penchant sur ce dernier aspect, comment pouvez-vous anticiper vos besoins en mati\u00e8re d&rsquo;assurance ?<\/p>\n\n<figure class=\"wp-block-table\"><table>\n<thead>\n<tr>\n<th>Type d&rsquo;\u00e9v\u00e9nement climatique<\/th>\n<th>Impact typique sur l&rsquo;habitat<\/th>\n<th>Couverture possible<\/th>\n<\/tr>\n<\/thead>\n<tbody>\n<tr>\n<td>Inondations<\/td>\n<td>D\u00e9g\u00e2ts structurels, perte de biens<\/td>\n<td>Assurance tous risques<\/td>\n<\/tr>\n<tr>\n<td>Temp\u00eates<\/td>\n<td>Dommages aux toits et fen\u00eatres<\/td>\n<td>Garantie temp\u00eate<\/td>\n<\/tr>\n<tr>\n<td>S\u00e9cheresses<\/td>\n<td>D\u00e9g\u00e2ts \u00e0 la fondation<\/td>\n<td>Couverture s\u00e9cheresse<\/td>\n<\/tr>\n<\/tbody>\n<\/table><\/figure>\n\n<p>En conclusion, la dynamique du march\u00e9 de l&rsquo;assurance habitation se transforme face \u00e0 l&rsquo;\u00e9volution des ph\u00e9nom\u00e8nes climatiques. Les consommateurs doivent s&rsquo;interroger sur leurs couvertures, tandis que les assureurs cherchent \u00e0 innover. L&rsquo;avenir du secteur de l&rsquo;assurance sera-t-il suffisamment r\u00e9silient face \u00e0 ces d\u00e9fis ?<\/p>","protected":false},"excerpt":{"rendered":"<p>La mont\u00e9e des ph\u00e9nom\u00e8nes climatiques extr\u00eames chamboule le secteur de l&rsquo;assurance, provoquant une r\u00e9\u00e9valuation des risques et une adaptation des offres. Comment ces d\u00e9fis influencent-ils votre couverture ? Impact des \u00e9v\u00e9nements climatiques sur l&rsquo;assurance habitation \u00c0 mesure que les \u00e9v\u00e9nements climatiques extr\u00eames se multiplient, la capacit\u00e9 des compagnies d&rsquo;assurance \u00e0 couvrir les dommages subis est [&hellip;]<\/p>","protected":false},"author":2,"featured_media":1557,"comment_status":"open","ping_status":"open","sticky":false,"template":"","format":"standard","meta":{"footnotes":""},"categories":[1],"tags":[123,121,120,124,122],"class_list":["post-1558","post","type-post","status-publish","format-standard","has-post-thumbnail","hentry","category-actualite","tag-assurance-et-climat","tag-changements-climatiques","tag-phenomenes-climatiques","tag-risques-climatiques","tag-secteur-de-lassurance"],"wps_subtitle":"","_links":{"self":[{"href":"https:\/\/assurezetmoi.fr\/ro\/wp-json\/wp\/v2\/posts\/1558","targetHints":{"allow":["GET"]}}],"collection":[{"href":"https:\/\/assurezetmoi.fr\/ro\/wp-json\/wp\/v2\/posts"}],"about":[{"href":"https:\/\/assurezetmoi.fr\/ro\/wp-json\/wp\/v2\/types\/post"}],"author":[{"embeddable":true,"href":"https:\/\/assurezetmoi.fr\/ro\/wp-json\/wp\/v2\/users\/2"}],"replies":[{"embeddable":true,"href":"https:\/\/assurezetmoi.fr\/ro\/wp-json\/wp\/v2\/comments?post=1558"}],"version-history":[{"count":0,"href":"https:\/\/assurezetmoi.fr\/ro\/wp-json\/wp\/v2\/posts\/1558\/revisions"}],"wp:featuredmedia":[{"embeddable":true,"href":"https:\/\/assurezetmoi.fr\/ro\/wp-json\/wp\/v2\/media\/1557"}],"wp:attachment":[{"href":"https:\/\/assurezetmoi.fr\/ro\/wp-json\/wp\/v2\/media?parent=1558"}],"wp:term":[{"taxonomy":"category","embeddable":true,"href":"https:\/\/assurezetmoi.fr\/ro\/wp-json\/wp\/v2\/categories?post=1558"},{"taxonomy":"post_tag","embeddable":true,"href":"https:\/\/assurezetmoi.fr\/ro\/wp-json\/wp\/v2\/tags?post=1558"}],"curies":[{"name":"wp","href":"https:\/\/api.w.org\/{rel}","templated":true}]}}