{"id":1796,"date":"2025-09-09T07:08:42","date_gmt":"2025-09-09T07:08:42","guid":{"rendered":"https:\/\/assurezetmoi.fr\/1796\/fonds-emeutes-775-millions\/"},"modified":"2025-09-09T07:08:42","modified_gmt":"2025-09-09T07:08:42","slug":"fonds-emeutes-775-millions","status":"publish","type":"post","link":"https:\/\/assurezetmoi.fr\/ro\/1796\/fonds-emeutes-775-millions\/","title":{"rendered":"Casseurs : la mise en place d&rsquo;un \u00ab fonds \u00e9meutes \u00bb de 775 millions d&rsquo;euros, un co\u00fbt que devront supporter les Fran\u00e7ais"},"content":{"rendered":"<p>Le gouvernement fran\u00e7ais envisage la cr\u00e9ation d&rsquo;un fonds \u00e9meutes, d&rsquo;un montant de 775 millions d&rsquo;euros, destin\u00e9 \u00e0 indemniser les collectivit\u00e9s locales pour les dommages caus\u00e9s par les violences urbaines. Ce dispositif, inspir\u00e9 des m\u00e9canismes de catastrophe naturelle, pourrait se traduire par une hausse des primes d&rsquo;assurance pour les citoyens.<\/p>\n\n<h2 class=\"wp-block-heading\">Un fonds \u00e9meutes pour faire face aux violences urbaines<\/h2>\n\n<p>Dans un contexte de tensions sociales et de violences urbaines croissantes, le gouvernement cherche des solutions durables. Le projet d&rsquo;un fonds \u00e9meutes assurerait une couverture financi\u00e8re pour les d\u00e9g\u00e2ts occasionn\u00e9s lors des \u00e9meutes. Inspir\u00e9 par le fonctionnement des assurances li\u00e9es aux catastrophes naturelles, ce fonds serait dot\u00e9 d&rsquo;un budget annuel pouvant aller jusqu&rsquo;\u00e0 775 millions d&rsquo;euros.<\/p>\n\n<h3 class=\"wp-block-heading\">Le pr\u00e9c\u00e9dent des catastrophes naturelles<\/h3>\n\n<p>Pour bien saisir l&rsquo;importance de ce dispositif, prenons l&rsquo;exemple des inondations. Souvent, apr\u00e8s des \u00e9v\u00e9nements climatiques extr\u00eames, les collectivit\u00e9s demandent la reconnaissance de l&rsquo;\u00e9tat de catastrophe naturelle. Cela leur permet de b\u00e9n\u00e9ficier d&rsquo;une meilleure indemnisation de la part des compagnies d&rsquo;assurance.<\/p>\n\n<ul class=\"wp-block-list\"><li>Reconnaissance de l&rsquo;\u00e9tat de catastrophe naturelle<\/li><li>Indemnisation des victimes<\/li><li>Pourcentage de couverture par les assureurs<\/li><\/ul>\n\n<p>Pour l&rsquo;ann\u00e9e pr\u00e9c\u00e9dente, les dommages caus\u00e9s par ces catastrophes s&rsquo;\u00e9levaient \u00e0 plus de 2 milliards d&rsquo;euros. Les \u00e9meutes de l&rsquo;\u00e9t\u00e9 2023, provoqu\u00e9es par des \u00e9v\u00e8nements tragiques, ont engendr\u00e9 des co\u00fbts estim\u00e9s \u00e0 800 millions d&rsquo;euros. Pour pallier cela, la mise en place d&rsquo;un fonds \u00e9meutes pourrait s&rsquo;av\u00e9rer indispensable.<\/p>\n\n<p>Ces incidents nous rappellent l&rsquo;importance de s\u00e9curiser et prot\u00e9ger nos collectivit\u00e9s. Quelle est votre opinion sur ce fonds \u00e9meutes ?<\/p>\n\n<h3 class=\"wp-block-heading\">Une surprime pour financer les r\u00e9parations<\/h3>\n\n<p>Pour financer ce fonds, le gouvernement pr\u00e9voit l&rsquo;imposition d&rsquo;une surprime sur les contrats d&rsquo;assurance habitation. Cette derni\u00e8re pourrait repr\u00e9senter environ 5% de la prime d&rsquo;assurance. Cela signifie que les assur\u00e9s, m\u00eame ceux n&rsquo;ayant pas subi de d\u00e9g\u00e2ts, contribueraient au m\u00e9canisme de financement de cette couverture.<\/p>\n\n<figure class=\"wp-block-table\"><table>\n<thead>\n<tr>\n<th>Type de contrat<\/th>\n<th>Prime annuelle estim\u00e9e<\/th>\n<th>Surprime \u00e9meutes (5%)<\/th>\n<\/tr>\n<\/thead>\n<tbody>\n<tr>\n<td>Assurance de base<\/td>\n<td>600\u20ac<\/td>\n<td>30\u20ac<\/td>\n<\/tr>\n<tr>\n<td>Assurance multim\u00e9dia<\/td>\n<td>800\u20ac<\/td>\n<td>40\u20ac<\/td>\n<\/tr>\n<tr>\n<td>Assurance haut de gamme<\/td>\n<td>1200\u20ac<\/td>\n<td>60\u20ac<\/td>\n<\/tr>\n<\/tbody>\n<\/table><\/figure>\n\n<p>Une telle mesure suscite des d\u00e9bats. Elle pourrait p\u00e9naliser les assur\u00e9s, y compris ceux qui n&rsquo;ont pas de lien direct avec les violences urbaines. Que comptez-vous faire si ce fonds devient une r\u00e9alit\u00e9 ?<\/p>\n\n<h2 class=\"wp-block-heading\">L&rsquo;impact \u00e9conomique du fonds \u00e9meutes<\/h2>\n\n<p>La cr\u00e9ation de ce fonds \u00e9meutes se heurte \u00e0 des consid\u00e9rations \u00e9conomiques. D&rsquo;une part, elle vise \u00e0 limiter la responsabilit\u00e9 des collectivit\u00e9s locales et de l&rsquo;\u00c9tat face \u00e0 la mont\u00e9e de la violence. D&rsquo;autre part, elle pose la question de la r\u00e9partition des charges. Ce m\u00e9canisme pourrait \u00eatre accueilli positivement par les collectivit\u00e9s, mais il soul\u00e8ve des pr\u00e9occupations parmi les citoyens.<\/p>\n\n<h3 class=\"wp-block-heading\">Une r\u00e9ponse aux tensions sociales<\/h3>\n\n<p>Les citoyens expriment des inqui\u00e9tudes quant aux r\u00e9percussions de ce fonds sur leur fiscalit\u00e9. En effet, l&rsquo;augmentation des primes d&rsquo;assurances pourrait se traduire par une hausse des co\u00fbts de la vie, alourdissant ainsi leur budget. Par ailleurs, le sentiment d&rsquo;injustice peut \u00e9merger si les contribuables, qui n&rsquo;ont pas particip\u00e9 aux \u00e9meutes, se voient contraints de financer les r\u00e9parations.<\/p>\n\n<ul class=\"wp-block-list\"><li>Co\u00fbts d&rsquo;indemnisation<\/li><li>R\u00e9percussions sur les imp\u00f4ts locaux<\/li><li>In\u00e9galit\u00e9s face \u00e0 la violence<\/li><\/ul>\n\n<p>Cette situation pourrait cr\u00e9er des tensions entre les citoyens. Pour le gouvernement, c&rsquo;est une fa\u00e7on d&rsquo;affirmer qu&rsquo;il prend en compte la s\u00e9curit\u00e9 des collectivit\u00e9s. Quelles solutions alternatives pourriez-vous envisager ?<\/p>\n\n<h3 class=\"wp-block-heading\">Une approche collective de la probl\u00e9matique<\/h3>\n\n<p>Le mod\u00e8le qui se dessine ne devrait pas n\u00e9gliger la responsabilit\u00e9 individuelle ni celle des collectivit\u00e9s. Les assurances traditionnelles, qui couvrent d\u00e9j\u00e0 les sinistres majeurs, ne devraient pas voir leur r\u00f4le limit\u00e9e. Au lieu de cela, il faut envisager des solutions compl\u00e9mentaires.<\/p>\n\n<figure class=\"wp-block-table\"><table>\n<thead>\n<tr>\n<th>Solution<\/th>\n<th>Type support\u00e9<\/th>\n<th>Avantage<\/th>\n<\/tr>\n<\/thead>\n<tbody>\n<tr>\n<td>Pr\u00e9vention accrue<\/td>\n<td>Collectivit\u00e9s<\/td>\n<td>R\u00e9duction des sinistres<\/td>\n<\/tr>\n<tr>\n<td>Assistance financi\u00e8re<\/td>\n<td>Particuliers<\/td>\n<td>Soutien direct<\/td>\n<\/tr>\n<tr>\n<td>Dialogue social renforc\u00e9<\/td>\n<td>\u00c9tat<\/td>\n<td>Moins de tensions<\/td>\n<\/tr>\n<\/tbody>\n<\/table><\/figure>\n\n<p>Il est imp\u00e9ratif de r\u00e9fl\u00e9chir \u00e0 une approche \u00e9quilibr\u00e9e, qui tienne compte des besoins des collectivit\u00e9s tout en pr\u00e9servant les droits des citoyens. Comment envisagez-vous ce dialogue entre l&rsquo;\u00c9tat et les assur\u00e9s ?<\/p>\n\n<h2 class=\"wp-block-heading\">Un palier n\u00e9cessaire pour les collectivit\u00e9s locales<\/h2>\n\n<p>La mise en place d&rsquo;un fonds \u00e9meutes se pr\u00e9sente comme une r\u00e9ponse pragmatique aux besoins croissants de nos collectivit\u00e9s face \u00e0 des risques de violences urbaines. La r\u00e9alit\u00e9 est que ces \u00e9v\u00e9nements peuvent d\u00e9chirer le tissu social et engendrer des co\u00fbts \u00e9lev\u00e9s pour les collectivit\u00e9s, mais \u00e9galement pour les assureurs.<\/p>\n\n<h3 class=\"wp-block-heading\">\u00c9valuer les risques pour mieux indemniser<\/h3>\n\n<p>Pour minimiser les cons\u00e9quences des \u00e9meutes, il devient essentiel de d\u00e9velopper des syst\u00e8mes de pr\u00e9vision et d&rsquo;indemnisation adapt\u00e9s. L\u2019objectif doit \u00eatre d&rsquo;assurer une r\u00e9ponse rapide et efficace \u00e0 toute manifestation violente.<\/p>\n\n<ul class=\"wp-block-list\"><li>Diagnostic des zones sensibles<\/li><li>Pr\u00e9paration des plans d&rsquo;intervention<\/li><li>Coordination entre intervenants locaux<\/li><\/ul>\n\n<p>Ces initiatives permettraient de r\u00e9duire les nuisances caus\u00e9es par les \u00e9meutes tout en prot\u00e9geant nos bonnes vieilles collectivit\u00e9s. Que pensez-vous de cette strat\u00e9gie proactive ?<\/p>\n\n<h3 class=\"wp-block-heading\">Le chemin vers la r\u00e9conciliation<\/h3>\n\n<p>Si ce mod\u00e8le de fonds \u00e9meutes voit le jour, il sera crucial de conserver un dialogue ouvert entre les diff\u00e9rentes parties prenantes. L&rsquo;assistance offerte aux collectivit\u00e9s doit s&rsquo;accompagner d&rsquo;une prise de conscience collective des cons\u00e9quences de ces violences.<\/p>\n\n<figure class=\"wp-block-table\"><table>\n<thead>\n<tr>\n<th>Objectif<\/th>\n<th>Action requise<\/th>\n<th>R\u00e9sultat attendu<\/th>\n<\/tr>\n<\/thead>\n<tbody>\n<tr>\n<td>Pr\u00e9vention<\/td>\n<td>Augmenter les ressources locales<\/td>\n<td>R\u00e9duction des \u00e9meutes<\/td>\n<\/tr>\n<tr>\n<td>Indemnisation<\/td>\n<td>Cr\u00e9ation de meilleures conditions d\u2019assurance<\/td>\n<td>Satisfaction des assur\u00e9s<\/td>\n<\/tr>\n<tr>\n<td>Solidarit\u00e9<\/td>\n<td>\u00c9tablir des dialogues communautaires<\/td>\n<td>Renforcement du lien social<\/td>\n<\/tr>\n<\/tbody>\n<\/table><\/figure>\n\n<p>Il est temps que chacun prenne la mesure de son r\u00f4le face aux violences urbaines. Comment envisagez-vous l&rsquo;avenir de vos collectivit\u00e9s ?<\/p>","protected":false},"excerpt":{"rendered":"<p>Le gouvernement fran\u00e7ais envisage la cr\u00e9ation d&rsquo;un fonds \u00e9meutes, d&rsquo;un montant de 775 millions d&rsquo;euros, destin\u00e9 \u00e0 indemniser les collectivit\u00e9s locales pour les dommages caus\u00e9s par les violences urbaines. Ce dispositif, inspir\u00e9 des m\u00e9canismes de catastrophe naturelle, pourrait se traduire par une hausse des primes d&rsquo;assurance pour les citoyens. Un fonds \u00e9meutes pour faire face [&hellip;]<\/p>","protected":false},"author":2,"featured_media":1795,"comment_status":"open","ping_status":"open","sticky":false,"template":"","format":"standard","meta":{"footnotes":""},"categories":[1],"tags":[394,397,395,96,396],"class_list":["post-1796","post","type-post","status-publish","format-standard","has-post-thumbnail","hentry","category-actualite","tag-casseurs","tag-cout","tag-fonds-emeutes","tag-francais","tag-millions-deuros"],"wps_subtitle":"","_links":{"self":[{"href":"https:\/\/assurezetmoi.fr\/ro\/wp-json\/wp\/v2\/posts\/1796","targetHints":{"allow":["GET"]}}],"collection":[{"href":"https:\/\/assurezetmoi.fr\/ro\/wp-json\/wp\/v2\/posts"}],"about":[{"href":"https:\/\/assurezetmoi.fr\/ro\/wp-json\/wp\/v2\/types\/post"}],"author":[{"embeddable":true,"href":"https:\/\/assurezetmoi.fr\/ro\/wp-json\/wp\/v2\/users\/2"}],"replies":[{"embeddable":true,"href":"https:\/\/assurezetmoi.fr\/ro\/wp-json\/wp\/v2\/comments?post=1796"}],"version-history":[{"count":0,"href":"https:\/\/assurezetmoi.fr\/ro\/wp-json\/wp\/v2\/posts\/1796\/revisions"}],"wp:featuredmedia":[{"embeddable":true,"href":"https:\/\/assurezetmoi.fr\/ro\/wp-json\/wp\/v2\/media\/1795"}],"wp:attachment":[{"href":"https:\/\/assurezetmoi.fr\/ro\/wp-json\/wp\/v2\/media?parent=1796"}],"wp:term":[{"taxonomy":"category","embeddable":true,"href":"https:\/\/assurezetmoi.fr\/ro\/wp-json\/wp\/v2\/categories?post=1796"},{"taxonomy":"post_tag","embeddable":true,"href":"https:\/\/assurezetmoi.fr\/ro\/wp-json\/wp\/v2\/tags?post=1796"}],"curies":[{"name":"wp","href":"https:\/\/api.w.org\/{rel}","templated":true}]}}