{"id":1990,"date":"2025-12-19T07:02:40","date_gmt":"2025-12-19T07:02:40","guid":{"rendered":"https:\/\/assurezetmoi.fr\/1990\/senat-surprime-emeutes\/"},"modified":"2025-12-19T07:02:40","modified_gmt":"2025-12-19T07:02:40","slug":"senat-surprime-emeutes","status":"publish","type":"post","link":"https:\/\/assurezetmoi.fr\/ro\/1990\/senat-surprime-emeutes\/","title":{"rendered":"Le S\u00e9nat approuve une surprime \u00ab \u00e9meutes \u00bb pour compenser les co\u00fbts li\u00e9s aux violences urbaines"},"content":{"rendered":"<p>En r\u00e9ponse aux <strong>violences urbaines<\/strong> r\u00e9currentes et \u00e0 leur co\u00fbt croissant, le <strong>S\u00e9nat<\/strong> a r\u00e9cemment approuv\u00e9 un projet de loi introduisant une <strong>surprime<\/strong> \u00ab \u00e9meutes \u00bb dans les contrats d&rsquo;assurance habitation. Cette mesure vise \u00e0 compenser les frais g\u00e9n\u00e9r\u00e9s par ces \u00e9v\u00e9nements troublants dans notre soci\u00e9t\u00e9, soulevant ainsi un d\u00e9bat important sur la s\u00e9curit\u00e9 et l&rsquo;urbanisme.<\/p>\n\n<h2 class=\"wp-block-heading\">Une mesure inspir\u00e9e des catastrophes naturelles<\/h2>\n\n<p>Le projet de loi vot\u00e9 au <strong>S\u00e9nat<\/strong> institue une <strong>surprime<\/strong> obligatoire pour tous les contrats d&rsquo;assurance habitation. En s&rsquo;inspirant des dispositifs actuels pour couvrir les catastrophes naturelles, cette nouvelle mesure cherche \u00e0 mutualiser les co\u00fbts li\u00e9s aux dommages caus\u00e9s par des \u00e9meutes. Les assur\u00e9s pourraient ainsi voir leur prime augmenter de 5 % pour les grands risques.<\/p>\n\n<h3 class=\"wp-block-heading\">D\u00e9finition et implications de l&rsquo;\u00e9meute<\/h3>\n\n<p>Une question importante se pose : \u00e0 partir de quand consid\u00e8re-t-on qu&rsquo;une \u00e9meute se produit ? Le texte de loi d\u00e9finit l&rsquo;\u00e9meute comme \u00ab une action collective occasionnant des violences, dirig\u00e9e contre l&rsquo;autorit\u00e9 publique \u00bb. Cette d\u00e9finition pourrait \u00eatre sujette \u00e0 interpr\u00e9tation, n\u00e9cessitant l&rsquo;avis d&rsquo;une commission pour \u00e9valuer le nombre de participants et l&rsquo;ampleur des d\u00e9g\u00e2ts.<\/p>\n\n<p>Cette mesure, soutenue par de nombreux acteurs du secteur, pourrait g\u00e9n\u00e9rer des r\u00e9actions mitig\u00e9es parmi les assur\u00e9s. Pour certains, elle pourrait sembler stigmatisante et renforcer une m\u00e9fiance envers les assureurs, sugg\u00e9rant une incapacit\u00e9 \u00e0 couvrir les dommages li\u00e9s \u00e0 ces \u00e9v\u00e9nements sociaux.<\/p>\n\n<ul class=\"wp-block-list\"><li>Co\u00fbts dont les assureurs doivent tenir compte :<\/li><li>D\u00e9g\u00e2ts mat\u00e9riels li\u00e9s aux \u00e9meutes<\/li><li>Ressources mobilis\u00e9es pour maintenir l&rsquo;ordre<\/li><li>Impacts \u00e9conomiques sur les entreprises locales<\/li><\/ul>\n\n<h3 class=\"wp-block-heading\">Un co\u00fbt significatif pour l&rsquo;assurance habitation<\/h3>\n\n<p>Actuellement, le secteur de l&rsquo;assurance dommage repr\u00e9sente environ 42 milliards d&rsquo;euros. L&rsquo;impl\u00e9mentation de cette <strong>surprime<\/strong> pourrait donc avoir un impact majeur sur les finances des m\u00e9nages fran\u00e7ais. \u00c0 l&rsquo;heure o\u00f9 la t\u00e2che de g\u00e9rer ces co\u00fbts devient de plus en plus complexe, les Fran\u00e7ais seront appel\u00e9s \u00e0 faire des choix budg\u00e9taires difficiles.<\/p>\n\n<p>Cette situation m&rsquo;am\u00e8ne \u00e0 r\u00e9fl\u00e9chir \u00e0 la n\u00e9cessit\u00e9 d&rsquo;une couverture plus juste et \u00e9quitable. En tant que victime d&rsquo;une petite violence urbaine dans le pass\u00e9, j&rsquo;ai pu constater les r\u00e9percussions financi\u00e8res sur les personnes touch\u00e9es.<\/p>\n\n<h2 class=\"wp-block-heading\">Le r\u00f4le des politiques publiques dans la gestion des violences urbaines<\/h2>\n\n<p>Au-del\u00e0 de l&rsquo;impact direct sur le portefeuille des assur\u00e9s, cette <strong>surprime<\/strong> soul\u00e8ve des questions plus larges concernant les <strong>politiques publiques<\/strong> en mati\u00e8re de s\u00e9curit\u00e9 et de gestion des violences urbaines. Comment les gouvernements peuvent-ils mieux anticiper et g\u00e9rer ces \u00e9pisodes r\u00e9currents ? Il est imp\u00e9ratif d&rsquo;envisager des solutions \u00e0 long terme pour r\u00e9duire le risque de violences dans nos espaces urbains.<\/p>\n\n<h3 class=\"wp-block-heading\">Strat\u00e9gies de pr\u00e9vention et de gestion<\/h3>\n\n<p>Les experts s&rsquo;accordent \u00e0 dire qu&rsquo;il est crucial d&rsquo;adopter des strat\u00e9gies de pr\u00e9vention. Voici quelques approches possibles :<\/p>\n\n<ul class=\"wp-block-list\"><li>Renforcer la pr\u00e9sence polici\u00e8re dans les zones sensibles<\/li><li>Favoriser le dialogue entre diff\u00e9rents acteurs sociaux<\/li><li>Investir dans les infrastructures urbaines pour favoriser un cadre de vie serein<\/li><\/ul>\n\n<p>Ces mesures pourraient non seulement r\u00e9duire le risque de <strong>violences urbaines<\/strong>, mais \u00e9galement diminuer les co\u00fbts pour les assureurs et les assur\u00e9s. Il est donc essentiel que cette loi soit accompagn\u00e9e d&rsquo;initiatives gouvernementales visant \u00e0 traiter les racines du probl\u00e8me.<\/p>\n\n<h2 class=\"wp-block-heading\">Vers une transformation de l&rsquo;assurance en France<\/h2>\n\n<p>Cette situation pourrait repr\u00e9senter un tournant dans le monde de l&rsquo;<strong>assurance<\/strong> en France. La <strong>surprime<\/strong> \u00e9meutes pourrait, \u00e0 terme, red\u00e9finir les rapports entre assur\u00e9s et assureurs. La gestion des risques en mati\u00e8re de violences urbaines sera d\u00e9sormais scrut\u00e9e de pr\u00e8s.<\/p>\n\n<h3 class=\"wp-block-heading\">Cons\u00e9quences pour les assur\u00e9s<\/h3>\n\n<p>Les Fran\u00e7ais pourraient devoir s&rsquo;adapter rapidement \u00e0 cette nouvelle r\u00e9alit\u00e9. En plus de l&rsquo;augmentation potentielle de leur prime, les assur\u00e9s pourraient ressentir une pression croissante pour choisir des contrats offrant des couvertures sp\u00e9cifiques contre les <strong>\u00e9meutes<\/strong>. Voici quelques points \u00e0 consid\u00e9rer :<\/p>\n\n<ul class=\"wp-block-list\"><li>\u00c9valuation des clauses de couverture dans leurs contrats d\u2019assurance<\/li><li>Consentement \u00e0 une nouvelle structure de co\u00fbt pour leurs primes d&rsquo;assurance<\/li><li>Recherche d&rsquo;informations sur les nouvelles assurances propos\u00e9es par le march\u00e9<\/li><\/ul>\n\n<p>\u00c0 titre personnel, j&rsquo;ai constat\u00e9 que de nombreux amis n&rsquo;avaient pas pris le temps de v\u00e9rifier les d\u00e9tails de leurs contrats d\u2019assurance, ce qui pourrait leur co\u00fbter cher.<\/p>\n\n<figure class=\"wp-block-table\"><table>\n<thead>\n<tr>\n<th>Type de contrat<\/th>\n<th>Pourcentage de <strong>surprime<\/strong><\/th>\n<th>Couverture \u00c9meutes<\/th>\n<\/tr>\n<\/thead>\n<tbody>\n<tr>\n<td>Assurance Habitation<\/td>\n<td>5%<\/td>\n<td>Oui<\/td>\n<\/tr>\n<tr>\n<td>Assurance Auto<\/td>\n<td>Variable<\/td>\n<td>\u00c0 confirmer<\/td>\n<\/tr>\n<tr>\n<td>Assurance Professionnelle<\/td>\n<td>\u00c0 d\u00e9terminer<\/td>\n<td>En discussion<\/td>\n<\/tr>\n<\/tbody>\n<\/table><\/figure>\n\n<p>Alors que la France traverse cette phase critique, cette nouvelle mesure pourrait bien changer la donne. En somme, il est fondamental de garder un \u0153il attentif sur l&rsquo;\u00e9volution de ces questions li\u00e9es \u00e0 l&rsquo;assurance et \u00e0 la protection des biens des citoyens.<\/p>","protected":false},"excerpt":{"rendered":"<p>En r\u00e9ponse aux violences urbaines r\u00e9currentes et \u00e0 leur co\u00fbt croissant, le S\u00e9nat a r\u00e9cemment approuv\u00e9 un projet de loi introduisant une surprime \u00ab \u00e9meutes \u00bb dans les contrats d&rsquo;assurance habitation. Cette mesure vise \u00e0 compenser les frais g\u00e9n\u00e9r\u00e9s par ces \u00e9v\u00e9nements troublants dans notre soci\u00e9t\u00e9, soulevant ainsi un d\u00e9bat important sur la s\u00e9curit\u00e9 et [&hellip;]<\/p>","protected":false},"author":2,"featured_media":1989,"comment_status":"open","ping_status":"open","sticky":false,"template":"","format":"standard","meta":{"footnotes":""},"categories":[1],"tags":[657,658,652,653,426],"class_list":["post-1990","post","type-post","status-publish","format-standard","has-post-thumbnail","hentry","category-actualite","tag-compensation-couts","tag-politique-francaise","tag-senat","tag-surprime-emeutes","tag-violences-urbaines"],"wps_subtitle":"","_links":{"self":[{"href":"https:\/\/assurezetmoi.fr\/ro\/wp-json\/wp\/v2\/posts\/1990","targetHints":{"allow":["GET"]}}],"collection":[{"href":"https:\/\/assurezetmoi.fr\/ro\/wp-json\/wp\/v2\/posts"}],"about":[{"href":"https:\/\/assurezetmoi.fr\/ro\/wp-json\/wp\/v2\/types\/post"}],"author":[{"embeddable":true,"href":"https:\/\/assurezetmoi.fr\/ro\/wp-json\/wp\/v2\/users\/2"}],"replies":[{"embeddable":true,"href":"https:\/\/assurezetmoi.fr\/ro\/wp-json\/wp\/v2\/comments?post=1990"}],"version-history":[{"count":0,"href":"https:\/\/assurezetmoi.fr\/ro\/wp-json\/wp\/v2\/posts\/1990\/revisions"}],"wp:featuredmedia":[{"embeddable":true,"href":"https:\/\/assurezetmoi.fr\/ro\/wp-json\/wp\/v2\/media\/1989"}],"wp:attachment":[{"href":"https:\/\/assurezetmoi.fr\/ro\/wp-json\/wp\/v2\/media?parent=1990"}],"wp:term":[{"taxonomy":"category","embeddable":true,"href":"https:\/\/assurezetmoi.fr\/ro\/wp-json\/wp\/v2\/categories?post=1990"},{"taxonomy":"post_tag","embeddable":true,"href":"https:\/\/assurezetmoi.fr\/ro\/wp-json\/wp\/v2\/tags?post=1990"}],"curies":[{"name":"wp","href":"https:\/\/api.w.org\/{rel}","templated":true}]}}