{"id":1998,"date":"2025-12-23T07:01:33","date_gmt":"2025-12-23T07:01:33","guid":{"rendered":"https:\/\/assurezetmoi.fr\/1998\/assurances-surprimes-menages\/"},"modified":"2025-12-23T07:01:33","modified_gmt":"2025-12-23T07:01:33","slug":"assurances-surprimes-menages","status":"publish","type":"post","link":"https:\/\/assurezetmoi.fr\/ro\/1998\/assurances-surprimes-menages\/","title":{"rendered":"Assurances : Les m\u00e9nages face au risque d&rsquo;une surprime \u00ab \u00e9meute \u00bb qui pourrait faire grimper la facture"},"content":{"rendered":"<p>Avec l\u2019adoption r\u00e9cente d&rsquo;une <strong>surprime \u00ab \u00e9meute \u00bb<\/strong> par le S\u00e9nat, les m\u00e9nages doivent se pr\u00e9parer \u00e0 un \u00e9ventuel alourdissement de leurs cotisations d\u2019assurance. Face \u00e0 l&rsquo;augmentation des violences urbaines, cette mesure soul\u00e8ve de nombreux d\u00e9bats sur la <strong>protection financi\u00e8re<\/strong> des assur\u00e9s.<\/p>\n\n<h2 class=\"wp-block-heading\">Comprendre la surprime \u00ab \u00e9meute \u00bb et son impact sur les m\u00e9nages<\/h2>\n\n<p>La <strong>surprime \u00ab \u00e9meute \u00bb<\/strong>, que le gouvernement souhaite imposer, viserait \u00e0 couvrir les d\u00e9g\u00e2ts caus\u00e9s lors de d\u00e9sordres publics. Ce dispositif, d\u00e9j\u00e0 approuv\u00e9 par le S\u00e9nat, pourrait provoquer une augmentation de 5% \u00e0 15% sur les <strong>primes d&rsquo;assurance habitation<\/strong> et automobile d\u00e8s 2026.<\/p>\n\n<h3 class=\"wp-block-heading\">Pourquoi cette mesure ?<\/h3>\n\n<p>Les r\u00e9centes \u00e9meutes ont r\u00e9v\u00e9l\u00e9 la vuln\u00e9rabilit\u00e9 des biens face \u00e0 des violences inattendues. En 2023, suite \u00e0 des incidents tragiques, les dommages ont \u00e9t\u00e9 estim\u00e9s \u00e0 environ 1 milliard d&rsquo;euros. Cette situation incite l&rsquo;\u00c9tat \u00e0 agir pour prot\u00e9ger les assurances contre les risques croissants.<\/p>\n\n<p>\u00c0 titre d&rsquo;exemple, j&rsquo;ai r\u00e9cemment discut\u00e9 avec un voisin dont la voiture a \u00e9t\u00e9 endommag\u00e9e lors d&rsquo;\u00e9meutes. Son retour d\u00e9montre \u00e0 quel point cette mesure pourrait affecter son budget. <\/p>\n\n<ul class=\"wp-block-list\"><li>Mesures visant \u00e0 all\u00e9ger les co\u00fbts des sinistres<\/li><li>Protection renforc\u00e9e pour les biens menac\u00e9s<\/li><li>M\u00e9canisme de tarification bas\u00e9 sur l\u2019historique des violences<\/li><\/ul>\n\n<p>Le d\u00e9bat s&rsquo;intensifie sur la d\u00e9finition pr\u00e9cise de ce qu&rsquo;est une \u00ab \u00e9meute \u00bb afin d&rsquo;appliquer cette surprime de mani\u00e8re juste. Quel pourrait \u00eatre l&rsquo;impact sur votre contrat d&rsquo;assurance ?<\/p>\n\n<h3 class=\"wp-block-heading\">R\u00e9actions des assureurs et des experts<\/h3>\n\n<p>Les professionnels du secteur expriment leur scepticisme. Fran\u00e7ois Beaume, pr\u00e9sident d&rsquo;une association d&rsquo;assurances, souligne que cette r\u00e9ponse risque d&rsquo;\u00eatre \u00ab aveugle \u00bb et qu\u2019elle se traduit par une <strong>d\u00e9responsabilisation<\/strong> de l&rsquo;\u00c9tat. Au lieu de g\u00e9rer le risque directement, le gouvernement choisit de faire peser ce co\u00fbt sur les assur\u00e9s.<\/p>\n\n<p>Pour rendre compte de ces pr\u00e9occupations, j&rsquo;ai entendu le t\u00e9moignage d&rsquo;un assureur dans le Gard, qui estime que l&rsquo;augmentation pourrait d\u00e9passer les 15%. Pour vous, une telle hausse est-elle justifiable ?<\/p>\n\n<figure class=\"wp-block-table\"><table>\n<thead>\n<tr>\n<th>Type d&rsquo;assurance<\/th>\n<th>Augmentation pr\u00e9vue<\/th>\n<\/tr>\n<\/thead>\n<tbody>\n<tr>\n<td>Assurance habitation<\/td>\n<td>5% \u00e0 10%<\/td>\n<\/tr>\n<tr>\n<td>Assurance automobile<\/td>\n<td>10% \u00e0 15%<\/td>\n<\/tr>\n<\/tbody>\n<\/table><\/figure>\n\n<h2 class=\"wp-block-heading\">Cons\u00e9quences sur les primes d\u2019assurance et sur les profils de risque<\/h2>\n\n<p>Les effets de la <strong>surprime<\/strong> ne se limiteront pas uniquement aux <strong>primes d&rsquo;assurance<\/strong>. Elle pourrait \u00e9galement modifier la perception du risque au sein des compagnies d&rsquo;assurance et influencer les profils d&rsquo;assur\u00e9s.<\/p>\n\n<h3 class=\"wp-block-heading\">R\u00e9ajustement des tarifs et couvertures propos\u00e9es<\/h3>\n\n<p>Cette initiative pourrait inciter les assureurs \u00e0 revoir leurs politiques tarifaires. Une telle modification pourrait compliquer l&rsquo;acc\u00e8s \u00e0 des garanties adapt\u00e9es pour des logements situ\u00e9s dans des zones \u00e0 risque. Cela p\u00e9naliserait les m\u00e9nages d\u00e9j\u00e0 expos\u00e9s \u00e0 des conditions de s\u00e9curit\u00e9 pr\u00e9caires.<\/p>\n\n<p>Lors d&rsquo;un dialogue avec un ami, il a mentionn\u00e9 que, pour lui, choisir une assurance devient un v\u00e9ritable casse-t\u00eate. Les changements constants rendent le choix complexe.<\/p>\n\n<ul class=\"wp-block-list\"><li>R\u00e9vision des contrats en fonction des zones \u00e0 risque<\/li><li>Augmentation significative des <strong>co\u00fbts de couverture<\/strong><\/li><li>Exclusions de certaines garanties<\/li><\/ul>\n\n<p>De plus, envisagez-vous de changer de compagnie d&rsquo;assurance face \u00e0 cette incertitude ?<\/p>\n\n<h3 class=\"wp-block-heading\">Les nouveaux d\u00e9fis en gestion des risques<\/h3>\n\n<p>Les assureurs devront aussi faire face \u00e0 la mont\u00e9e des co\u00fbts li\u00e9s \u00e0 la pr\u00e9vention des sinistres. Le changement de climat et l&rsquo;augmentation de la violence sociale complique la gestion des risques pour les assureurs, les poussant \u00e0 augmenter les <strong>primes d&rsquo;assurance<\/strong> pour garantir leur viabilit\u00e9.<\/p>\n\n<p>Il est donc crucial de s&rsquo;interroger : cette mesure est-elle une solution viable face aux bouleversements de 2023 ?<\/p>\n\n<figure class=\"wp-block-table\"><table>\n<thead>\n<tr>\n<th>Facteurs impactant les primes<\/th>\n<th>Cons\u00e9quences<\/th>\n<\/tr>\n<\/thead>\n<tbody>\n<tr>\n<td>Taux de criminalit\u00e9<\/td>\n<td>Augmentation des primes<\/td>\n<\/tr>\n<tr>\n<td>Risques climatiques<\/td>\n<td>Complexification des garanties<\/td>\n<\/tr>\n<\/tbody>\n<\/table><\/figure>\n\n<h2 class=\"wp-block-heading\">R\u00e9flexions sur la p\u00e9rennit\u00e9 des assurances face aux perceptions de risque<\/h2>\n\n<p>\u00c0 mesure que le d\u00e9bat \u00e9volue, il devient essentiel d&rsquo;interroger la p\u00e9rennit\u00e9 des assurances dans ce contexte. Les <strong>hausse des co\u00fbts<\/strong> pourrait inciter les m\u00e9nages \u00e0 se tourner vers des produits d&rsquo;assurance moins protecteurs, voire \u00e0 opter pour le d\u00e9sengagement de certaines polices. <\/p>\n\n<h3 class=\"wp-block-heading\">Les cons\u00e9quences sur le comportement des assur\u00e9s<\/h3>\n\n<p>Lorsque les primes augmentent, cela peut cr\u00e9er des comportements de <strong>d\u00e9sengagement<\/strong>. Une couverture insuffisante pourrait entra\u00eener des risques accrus pour les m\u00e9nages. J&rsquo;ai observ\u00e9 que de nombreux amis reconsid\u00e8rent leur assurance face \u00e0 ces nouvelles r\u00e9alit\u00e9s.<\/p>\n\n<ul class=\"wp-block-list\"><li>Diminution des souscriptions aux assurances<\/li><li>Augmentation des sinistres non couverts<\/li><li>\u00c9rosion de la confiance des assur\u00e9s<\/li><\/ul>\n\n<p>Le comportement des m\u00e9nages face \u00e0 ces changements soul\u00e8ve donc des pr\u00e9occupations. Que pensez-vous de l\u2019impact d&rsquo;une telle mesure sur votre propre couverture ?<\/p>\n\n<h3 class=\"wp-block-heading\">Vers une reconsid\u00e9ration des garanties<\/h3>\n\n<p>En r\u00e9ponse \u00e0 ces d\u00e9fis, les assur\u00e9s pourraient exiger des assurances plus transparentes, qui int\u00e8grent des garanties adapt\u00e9es aux risques modernes. En fin de compte, une telle pression pourrait susciter des r\u00e9formes notables dans l&rsquo;industrie.<\/p>\n\n<p>Face \u00e0 cette dynamique, est-ce le bon moment pour r\u00e9clamer des assurances plus \u00e9quitables ?<\/p>\n\n<p>Cette <strong>surprime \u00ab \u00e9meute \u00bb<\/strong> suscite de nombreux d\u00e9fis pour les m\u00e9nages et les assureurs. Avec l&rsquo;\u00e9volution des circonstances, chacun doit s&rsquo;adapter \u00e0 cette nouvelle r\u00e9alit\u00e9 !<\/p>","protected":false},"excerpt":{"rendered":"<p>Avec l\u2019adoption r\u00e9cente d&rsquo;une surprime \u00ab \u00e9meute \u00bb par le S\u00e9nat, les m\u00e9nages doivent se pr\u00e9parer \u00e0 un \u00e9ventuel alourdissement de leurs cotisations d\u2019assurance. Face \u00e0 l&rsquo;augmentation des violences urbaines, cette mesure soul\u00e8ve de nombreux d\u00e9bats sur la protection financi\u00e8re des assur\u00e9s. Comprendre la surprime \u00ab \u00e9meute \u00bb et son impact sur les m\u00e9nages La [&hellip;]<\/p>","protected":false},"author":2,"featured_media":1997,"comment_status":"open","ping_status":"open","sticky":false,"template":"","format":"standard","meta":{"footnotes":""},"categories":[1],"tags":[48,669,26,667,668],"class_list":["post-1998","post","type-post","status-publish","format-standard","has-post-thumbnail","hentry","category-actualite","tag-assurances","tag-facture-dassurance","tag-menages","tag-risque-demeute","tag-surprime"],"wps_subtitle":"","_links":{"self":[{"href":"https:\/\/assurezetmoi.fr\/ro\/wp-json\/wp\/v2\/posts\/1998","targetHints":{"allow":["GET"]}}],"collection":[{"href":"https:\/\/assurezetmoi.fr\/ro\/wp-json\/wp\/v2\/posts"}],"about":[{"href":"https:\/\/assurezetmoi.fr\/ro\/wp-json\/wp\/v2\/types\/post"}],"author":[{"embeddable":true,"href":"https:\/\/assurezetmoi.fr\/ro\/wp-json\/wp\/v2\/users\/2"}],"replies":[{"embeddable":true,"href":"https:\/\/assurezetmoi.fr\/ro\/wp-json\/wp\/v2\/comments?post=1998"}],"version-history":[{"count":0,"href":"https:\/\/assurezetmoi.fr\/ro\/wp-json\/wp\/v2\/posts\/1998\/revisions"}],"wp:featuredmedia":[{"embeddable":true,"href":"https:\/\/assurezetmoi.fr\/ro\/wp-json\/wp\/v2\/media\/1997"}],"wp:attachment":[{"href":"https:\/\/assurezetmoi.fr\/ro\/wp-json\/wp\/v2\/media?parent=1998"}],"wp:term":[{"taxonomy":"category","embeddable":true,"href":"https:\/\/assurezetmoi.fr\/ro\/wp-json\/wp\/v2\/categories?post=1998"},{"taxonomy":"post_tag","embeddable":true,"href":"https:\/\/assurezetmoi.fr\/ro\/wp-json\/wp\/v2\/tags?post=1998"}],"curies":[{"name":"wp","href":"https:\/\/api.w.org\/{rel}","templated":true}]}}