{"id":2059,"date":"2026-01-26T07:02:02","date_gmt":"2026-01-26T07:02:02","guid":{"rendered":"https:\/\/assurezetmoi.fr\/2059\/allegement-taxes-assurance\/"},"modified":"2026-01-26T07:02:02","modified_gmt":"2026-01-26T07:02:02","slug":"allegement-taxes-assurance","status":"publish","type":"post","link":"https:\/\/assurezetmoi.fr\/ro\/2059\/allegement-taxes-assurance\/","title":{"rendered":"Assurance : all\u00e8gement attendu des taxes sur vos contrats auto et habitation"},"content":{"rendered":"<p>Face \u00e0 la hausse des primes d&rsquo;assurance, le gouvernement fran\u00e7ais a r\u00e9cemment annonc\u00e9 un all\u00e8gement fiscal en faveur des contrats auto et habitation. Cette nouvelle mesure vise \u00e0 all\u00e9ger la pression financi\u00e8re sur les m\u00e9nages. Quelles peuvent \u00eatre les implications de ces changements pour les assur\u00e9s ?<\/p>\n\n<h2 class=\"wp-block-heading\">\u00c9volution de la fiscalit\u00e9 sur les contrats d&rsquo;assurance auto et habitation<\/h2>\n\n<p>Un changement majeur se profile \u00e0 l&rsquo;horizon pour les assur\u00e9s. Le projet de budget 2026 pr\u00e9voit d\u2019abandonner l\u2019id\u00e9e d\u2019une <strong>surprime syst\u00e9matique<\/strong> de 2 % sur tous les contrats d&rsquo;assurance, un syst\u00e8me qui aurait pu alourdir consid\u00e9rablement les factures. \u00c0 la place, le gouvernement propose la cr\u00e9ation d\u2019un <strong>\u00ab fonds \u00e9meutes \u00bb<\/strong>, financ\u00e9 par les assureurs, en vue de couvrir les dommages li\u00e9s aux \u00e9meutes.<\/p>\n\n<h3 class=\"wp-block-heading\">Des mesures pour soutenir les assur\u00e9s en difficult\u00e9<\/h3>\n\n<p>Le financement par ce <strong>fonds \u00e9meutes<\/strong> vise \u00e0 mieux r\u00e9partir les co\u00fbts des sinistres. Cela permettrait de mutualiser les risques pesant sur les collectivit\u00e9s locales, surtout celles touch\u00e9es par des \u00e9v\u00e9nements violents ou des crises. L&rsquo;objectif est d&rsquo;\u00e9viter que certains assur\u00e9s ne paient davantage en raison de la conjoncture actuelle.<\/p>\n\n<ul class=\"wp-block-list\"><li>Diminution des <strong>primes<\/strong> d&rsquo;assurance pour la majorit\u00e9 des assur\u00e9s.<\/li><li>Mutualisation des risques au niveau s\u2019adaptant aux zones les plus touch\u00e9es.<\/li><li>R\u00e9duction de la charge fiscale sur certains contrats.<\/li><\/ul>\n\n<p>Bien que le gouvernement n&rsquo;impose plus cette surprime, il est \u00e0 noter que cela pourrait avoir un impact indirect sur le co\u00fbt des <strong>contrats d&rsquo;assurance<\/strong> \u00e0 long terme, en fonction de la fa\u00e7on dont les assureurs r\u00e9percutent leur contribution au fonds. \u00c0 travers une anecdote personnelle, j&rsquo;ai r\u00e9cemment observ\u00e9 une mont\u00e9e des primes dans ma r\u00e9gion, et cette nouvelle pourrait marquer un tournant.<\/p>\n\n<p>La question qui se pose maintenant est : ces mesures seront-elles suffisantes pour apaiser les inqui\u00e9tudes des assur\u00e9s quant aux co\u00fbts en constante augmentation ?<\/p>\n\n<h2 class=\"wp-block-heading\">Les implications d\u2019un fonds \u00e9meutes dans le paysage assurantiel<\/h2>\n\n<p>Le nouveau <strong>fonds \u00e9meutes<\/strong> repr\u00e9sente une opportunit\u00e9 significative pour les compagnies d&rsquo;assurance. En finan\u00e7ant ce fonds, elles peuvent \u00e9viter la hausse automatique des <strong>primes d\u2019assurance<\/strong>, et ainsi fid\u00e9liser leur client\u00e8le. Par ailleurs, ce m\u00e9canisme s&rsquo;inspire de mod\u00e8les existants, tels que le fonds de garantie des victimes, qui s&rsquo;est d\u00e9j\u00e0 av\u00e9r\u00e9 efficace par le pass\u00e9.<\/p>\n\n<h3 class=\"wp-block-heading\">Le r\u00f4le des assureurs face aux risques connexes<\/h3>\n\n<p>Cette nouvelle approche permettra de canaliser l&rsquo;aide l\u00e0 o\u00f9 elle est le plus n\u00e9cessaire. Les assureurs, qui auront la possibilit\u00e9 d\u2019adh\u00e9rer au fonds, peuvent choisir d&rsquo;y contribuer, leur permettant de mieux g\u00e9rer les risques auxquels ils se confrontent. Cela pourrait ouvrir la voie \u00e0 une <strong>r\u00e9duction fiscale<\/strong> pour les assur\u00e9s dans certaines zones.<\/p>\n\n<figure class=\"wp-block-table\"><table>\n<thead>\n<tr>\n<th>Type de contrat<\/th>\n<th>Impact sur les primes<\/th>\n<th>Contributions au fonds<\/th>\n<\/tr>\n<\/thead>\n<tbody>\n<tr>\n<td>Contrats auto<\/td>\n<td>R\u00e9duction potentielle de 10% en moyenne<\/td>\n<td>Volontaire, selon l\u2019assureur<\/td>\n<\/tr>\n<tr>\n<td>Contrats habitation<\/td>\n<td>Stabilit\u00e9 des primes, pas d\u2019augmentation pr\u00e9vue<\/td>\n<td>Volontaire, avec des ajustements possibles<\/td>\n<\/tr>\n<\/tbody>\n<\/table><\/figure>\n\n<p>Les assur\u00e9s se demandent l\u00e9gitimement comment ces ajustements peuvent moduler les co\u00fbts d&rsquo;assurance \u00e0 l&rsquo;avenir. \u00c9quilibrer le support aux collectivit\u00e9s tout en pr\u00e9servant les int\u00e9r\u00eats des assur\u00e9s semble \u00eatre le d\u00e9fi \u00e0 relever.<\/p>\n\n<h2 class=\"wp-block-heading\">Qu&rsquo;est-ce que cela signifie pour la fiscalit\u00e9 des assurances ?<\/h2>\n\n<p>Le volet fiscal du nouveau projet renforce la position des compagnies d&rsquo;assurance au sein de l&rsquo;\u00e9conomie fran\u00e7aise. En diminuant la <strong>taxe sur les contrats habitation<\/strong> et auto, le gouvernement vise \u00e0 susciter une dynamique plus favorable dans le secteur de l&rsquo;assurance.<\/p>\n\n<h3 class=\"wp-block-heading\">Vers une flexibilit\u00e9 accrue pour les assur\u00e9s<\/h3>\n\n<p>Ce changement aura des r\u00e9percussions sur le financement des contrats d&rsquo;assurance. Les assureurs devront adapter leurs mod\u00e8les de prix afin de respecter les nouvelles conditions du march\u00e9. Une chose est s\u00fbre, cette r\u00e9organisation pourrait \u00e9galement cr\u00e9er une <strong>\u00e9conomie<\/strong> significative pour de nombreux m\u00e9nages.<\/p>\n\n<ul class=\"wp-block-list\"><li>\u00c9conomies d&rsquo;imp\u00f4ts pour les assur\u00e9s.<\/li><li>Acc\u00e8s \u00e0 de meilleures options d\u2019assurance.<\/li><li>Stimulation de la concurrence sur le march\u00e9.<\/li><\/ul>\n\n<p>Prochainement, il pourrait \u00eatre int\u00e9ressant de se pencher sur la r\u00e9ponse des assureurs et leur strat\u00e9gie face \u00e0 ces nouveaux d\u00e9fis. Comment vont-ils r\u00e9agir face \u00e0 ce paysage en mutation ?<\/p>\n\n<p>Pour explorer plus sur les taxes et leur impact sur les m\u00e9nages, visitez ce lien : <a href=\"https:\/\/assurezetmoi.fr\/ro\/1329\/taxe-habitation-menages-touches\/\" target=\"_blank\">Assurer et moi &#8211; Taxe Habitation<\/a>.<\/p>","protected":false},"excerpt":{"rendered":"<p>Face \u00e0 la hausse des primes d&rsquo;assurance, le gouvernement fran\u00e7ais a r\u00e9cemment annonc\u00e9 un all\u00e8gement fiscal en faveur des contrats auto et habitation. Cette nouvelle mesure vise \u00e0 all\u00e9ger la pression financi\u00e8re sur les m\u00e9nages. Quelles peuvent \u00eatre les implications de ces changements pour les assur\u00e9s ? \u00c9volution de la fiscalit\u00e9 sur les contrats d&rsquo;assurance [&hellip;]<\/p>","protected":false},"author":2,"featured_media":2058,"comment_status":"open","ping_status":"open","sticky":false,"template":"","format":"standard","meta":{"footnotes":""},"categories":[1],"tags":[751,52,749,750,748],"class_list":["post-2059","post","type-post","status-publish","format-standard","has-post-thumbnail","hentry","category-actualite","tag-allegement-fiscal","tag-assurance","tag-contrats-auto","tag-contrats-habitation","tag-taxes"],"wps_subtitle":"","_links":{"self":[{"href":"https:\/\/assurezetmoi.fr\/ro\/wp-json\/wp\/v2\/posts\/2059","targetHints":{"allow":["GET"]}}],"collection":[{"href":"https:\/\/assurezetmoi.fr\/ro\/wp-json\/wp\/v2\/posts"}],"about":[{"href":"https:\/\/assurezetmoi.fr\/ro\/wp-json\/wp\/v2\/types\/post"}],"author":[{"embeddable":true,"href":"https:\/\/assurezetmoi.fr\/ro\/wp-json\/wp\/v2\/users\/2"}],"replies":[{"embeddable":true,"href":"https:\/\/assurezetmoi.fr\/ro\/wp-json\/wp\/v2\/comments?post=2059"}],"version-history":[{"count":0,"href":"https:\/\/assurezetmoi.fr\/ro\/wp-json\/wp\/v2\/posts\/2059\/revisions"}],"wp:featuredmedia":[{"embeddable":true,"href":"https:\/\/assurezetmoi.fr\/ro\/wp-json\/wp\/v2\/media\/2058"}],"wp:attachment":[{"href":"https:\/\/assurezetmoi.fr\/ro\/wp-json\/wp\/v2\/media?parent=2059"}],"wp:term":[{"taxonomy":"category","embeddable":true,"href":"https:\/\/assurezetmoi.fr\/ro\/wp-json\/wp\/v2\/categories?post=2059"},{"taxonomy":"post_tag","embeddable":true,"href":"https:\/\/assurezetmoi.fr\/ro\/wp-json\/wp\/v2\/tags?post=2059"}],"curies":[{"name":"wp","href":"https:\/\/api.w.org\/{rel}","templated":true}]}}